{"id":2864,"date":"2020-04-22T21:43:33","date_gmt":"2020-04-23T00:43:33","guid":{"rendered":"http:\/\/networkcore.eti.br\/analise\/?p=2864"},"modified":"2024-09-17T14:51:17","modified_gmt":"2024-09-17T17:51:17","slug":"analise-da-ciencia","status":"publish","type":"post","link":"http:\/\/networkcore.eti.br\/analise\/index.php\/2020\/04\/22\/analise-da-ciencia\/","title":{"rendered":"An\u00e1lise da Ci\u00eancia"},"content":{"rendered":"\n<p>Este site foi um blog, que em 21 de Abril de 2020 foi desativado ap\u00f3s 13 anos de funcionamento. Durante este tempo ocorreram per\u00edodos de grande produ\u00e7\u00e3o de artigos e outros onde a frequ\u00eancia de publica\u00e7\u00f5es diminuiu. <strong>Apesar da desativa\u00e7\u00e3o do blog, aos poucos retornarei os artigos publicados originalmente.<\/strong><\/p>\n\n\n\n<p>De todo esse per\u00edodo, vez ou outra um artigo foi perdido, mas em s\u00edntese os artigos estavam l\u00e1 sempre para a leitura e para o registro do tempo e do pensamento ali desenvolvido.<\/p>\n\n\n\n<p>E foi para o desenvolvimento de pensamento que o blog serviu. Serviu de palco para termas de epistemologia, tecnologia, pol\u00edtica e outros desdobramentos. Foi nesse espa\u00e7o que desenvolvi uma s\u00e9rie de argumentos contra aqueles, que, cerca de uma d\u00e9cada atr\u00e1s, j\u00e1 despontavam com um pensamento anticient\u00edfico \u2014 pude aprimorar as ideias sobre o porqu\u00ea da defesa das Ci\u00eancias. Foi aqui que houve embates contra pensamentos opostos ao evolucionismo, bem como an\u00e1lises do funcionamento das ci\u00eancias; aqui foi centro de discuss\u00e3o e de reflex\u00e3o.<\/p>\n\n\n\n<p>Tamb\u00e9m foi nesse espa\u00e7o que outras pessoas, em defesa do pensamento cient\u00edfico, trocaram ideias (onde ocorreram trocas de coment\u00e1rios entre blogs distintos). Neste espa\u00e7o desenvolvemos um di\u00e1logo: tanto com pessoas de pensamentos distantes do meu, como de pr\u00f3ximos. Debates aqui e em outros blogues de ci\u00eancia &#8211; e tamb\u00e9m debates em blogues que n\u00e3o eram de ci\u00eancia (aqui no Brasil e em Portugal): nestes \u00faltimos a atua\u00e7\u00e3o era questionando apresenta\u00e7\u00f5es incorretas nas \u00e1reas das ci\u00eancias e da filosofia. <\/p>\n\n\n\n<p>A partir deste blog, que representa o produto de uma \u00e9poca &#8211; onde os blogs estavam ainda num auge de desenvolvimento &#8211; outros projetos foram embrionados e gestados. E foi aqui que pude ensaiar, com os devidos erros e acertos, sobre o que pensar em diversos temas que de alguma forma correlacionavam. <br><\/p>\n\n\n\n<p>O tempo, hoje, \u00e9 outro; o pensamento se aprimorou, mas o carinho ficou.<\/p>\n\n\n\n<p>Um blog de epistemologia e pensamento cient\u00edfico que surgiu com um poema em 2007 e agora se encerra como blog &#8211; no termo mais estrito do significado de blog \u2014 mas renasce agora como um arquivo do que foi desenvolvido.<\/p>\n\n\n\n<p>Nesta p\u00e1gina poder\u00e1 encontrar alguns dos artigos mais relevantes que foram produzidos nessa \u00e9poca, em formato de um arquivo e tamb\u00e9m um compilado.<\/p>\n\n\n\n<p>Os artigos passar\u00e3o por revis\u00e3o de imagens (algumas n\u00e3o estavam mais dispon\u00edveis) e de relev\u00e2ncia.<\/p>\n\n\n\n<p>E do fim, relembra-se do in\u00edcio. Um poema que sempre norteou tal trabalho &#8211; trabalho que se manteve como um lume a consolar em todo esse per\u00edodo, bem como um laborat\u00f3rio das ideias aqui propostas.<\/p>\n\n\n\n<p>Eis o poema, revisado:<\/p>\n\n\n\n<p><\/p>\n\n\n\n<p><strong>Equidistante<\/strong><\/p>\n\n\n\n<p>Sinto, que na pura e funda realidade<br>&#8211; se \u00e9 que ela pode n\u00e3o ser pura &#8211;<br>h\u00e1 algo de relevante:<br>um resignar entre o que penso e o que h\u00e1<br>um fascinar entre o que quero saber e o que \u00e9<br>uma obsess\u00e3o entre o limite e o ilimitado&#8230;<br>h\u00e1 algo de relevante,<br>h\u00e1 algo subsistente;<\/p>\n\n\n\n<p>h\u00e1 uma busca incessante,<\/p>\n\n\n\n<p>no compreender, por vezes do que \u00e9 como \u00e9,<br>mesmo que seja algo, de mim, equidistante.<\/p>\n\n\n\n<p><\/p>\n\n\n\n<p><em>Arnaldo Vasconcellos<\/em><\/p>\n\n\n\n<p class=\"has-drop-cap\"><\/p>\n","protected":false},"excerpt":{"rendered":"<p>Este site foi um blog, que em 21 de Abril de 2020 foi desativado ap\u00f3s 13 anos de funcionamento. Durante este tempo ocorreram per\u00edodos de grande produ\u00e7\u00e3o de artigos e outros onde a frequ\u00eancia de publica\u00e7\u00f5es diminuiu. Apesar da desativa\u00e7\u00e3o do blog, aos poucos retornarei os artigos publicados originalmente. De todo esse per\u00edodo, vez ou&#8230;<\/p>\n","protected":false},"author":1,"featured_media":0,"comment_status":"closed","ping_status":"open","sticky":true,"template":"","format":"standard","meta":{"footnotes":""},"categories":[358,357],"tags":[58],"class_list":["post-2864","post","type-post","status-publish","format-standard","hentry","category-arquivo","category-blog","tag-blog"],"_links":{"self":[{"href":"http:\/\/networkcore.eti.br\/analise\/index.php\/wp-json\/wp\/v2\/posts\/2864"}],"collection":[{"href":"http:\/\/networkcore.eti.br\/analise\/index.php\/wp-json\/wp\/v2\/posts"}],"about":[{"href":"http:\/\/networkcore.eti.br\/analise\/index.php\/wp-json\/wp\/v2\/types\/post"}],"author":[{"embeddable":true,"href":"http:\/\/networkcore.eti.br\/analise\/index.php\/wp-json\/wp\/v2\/users\/1"}],"replies":[{"embeddable":true,"href":"http:\/\/networkcore.eti.br\/analise\/index.php\/wp-json\/wp\/v2\/comments?post=2864"}],"version-history":[{"count":4,"href":"http:\/\/networkcore.eti.br\/analise\/index.php\/wp-json\/wp\/v2\/posts\/2864\/revisions"}],"predecessor-version":[{"id":2887,"href":"http:\/\/networkcore.eti.br\/analise\/index.php\/wp-json\/wp\/v2\/posts\/2864\/revisions\/2887"}],"wp:attachment":[{"href":"http:\/\/networkcore.eti.br\/analise\/index.php\/wp-json\/wp\/v2\/media?parent=2864"}],"wp:term":[{"taxonomy":"category","embeddable":true,"href":"http:\/\/networkcore.eti.br\/analise\/index.php\/wp-json\/wp\/v2\/categories?post=2864"},{"taxonomy":"post_tag","embeddable":true,"href":"http:\/\/networkcore.eti.br\/analise\/index.php\/wp-json\/wp\/v2\/tags?post=2864"}],"curies":[{"name":"wp","href":"https:\/\/api.w.org\/{rel}","templated":true}]}}